{"id":388,"date":"2026-08-17T12:06:27","date_gmt":"2026-08-17T10:06:27","guid":{"rendered":"https:\/\/cienciamorada.es\/elblog\/?p=388"},"modified":"2026-08-17T12:06:28","modified_gmt":"2026-08-17T10:06:28","slug":"lgtbifobia-institucional-en-la-educacion-valenciana","status":"publish","type":"post","link":"https:\/\/cienciamorada.es\/elblog\/2026\/08\/17\/lgtbifobia-institucional-en-la-educacion-valenciana\/","title":{"rendered":"LGTBIfobia institucional en la educaci\u00f3n valenciana"},"content":{"rendered":"\n<figure class=\"wp-block-image size-large\"><img loading=\"lazy\" decoding=\"async\" width=\"724\" height=\"1024\" src=\"https:\/\/cienciamorada.es\/elblog\/wp-content\/uploads\/2026\/08\/ods5-724x1024.jpg\" alt=\"Dise\u00f1o de Inma P.nitas sobre el ODS 5, dedicado a la igualdad de g\u00e9nero. Se ve a seis personajes, de distintos g\u00e9neros y etnias, se\u00f1alando un cartel con un signo de igualdad.\" class=\"wp-image-373\" srcset=\"https:\/\/cienciamorada.es\/elblog\/wp-content\/uploads\/2026\/08\/ods5-724x1024.jpg 724w, https:\/\/cienciamorada.es\/elblog\/wp-content\/uploads\/2026\/08\/ods5-212x300.jpg 212w, https:\/\/cienciamorada.es\/elblog\/wp-content\/uploads\/2026\/08\/ods5-768x1086.jpg 768w, https:\/\/cienciamorada.es\/elblog\/wp-content\/uploads\/2026\/08\/ods5-1087x1536.jpg 1087w, https:\/\/cienciamorada.es\/elblog\/wp-content\/uploads\/2026\/08\/ods5-1449x2048.jpg 1449w, https:\/\/cienciamorada.es\/elblog\/wp-content\/uploads\/2026\/08\/ods5.jpg 1811w\" sizes=\"auto, (max-width: 724px) 100vw, 724px\" \/><\/figure>\n\n\n\n<p class=\"wp-block-paragraph\">Ayer estuve echando un vistazo a <a href=\"https:\/\/cienciamorada.es\/elblog\/2026\/08\/16\/barbaridades-en-valencia\/\" target=\"_blank\" rel=\"noreferrer noopener\">algunos disparates legislativos que acaban de aprobarse en Valencia y que afectan a su sistema educativo<\/a>. Hoy estoy echando un segundo vistazo y me encuentro con que el alumnado LGTBI tiene apartados concretos en <a href=\"https:\/\/www.boe.es\/buscar\/doc.php?id=DOGV-r-2026-90213\">la misma ley<\/a>. <\/p>\n\n\n\n<p class=\"wp-block-paragraph\">Comencemos:<\/p>\n\n\n\n<p class=\"wp-block-paragraph\"><em><strong>Art\u00edculo 52<br>Se modifican los apartados 1, 2, 5, 6 y 7 del art\u00edculo 24 y el apartado 3 del art\u00edculo 25 de la <a href=\"https:\/\/www.boe.es\/buscar\/act.php?id=BOE-A-2019-281\" target=\"_blank\" rel=\"noreferrer noopener\">Ley 23\/2018, de 29 de noviembre, de igualdad de las personas LGTBI<\/a>, que queda como sigue:<br>Uno. Se modifican los apartados 1, 2, 5, 6 y 7 del art\u00edculo 24:<br>\u00abArt\u00edculo 24. Actuaciones espec\u00edficas en los centros educativos<\/strong><\/em><\/p>\n\n\n\n<ol class=\"wp-block-list\">\n<li><em><strong>A petici\u00f3n de cada consejo escolar se podr\u00e1 incluir en el proyecto educativo y en todos los documentos que regulan la vida del centro, la promoci\u00f3n de la igualdad de todas las personas.<\/strong><\/em><\/li>\n<\/ol>\n\n\n\n<p class=\"wp-block-paragraph\">Veamos. La versi\u00f3n original dec\u00eda lo siguiente:<\/p>\n\n\n\n<ol class=\"wp-block-list\">\n<li><em>Incluir\u00e1n, en el proyecto educativo y en todos los documentos que regulan la vida del centro, la promoci\u00f3n de la igualdad<s> en la diversidad y la no discriminaci\u00f3n de las personas LGTBI<\/s><\/em><\/li>\n<\/ol>\n\n\n\n<p class=\"wp-block-paragraph\">De momento ya <strong>nos podemos olvidar de planes y protocolos contra la LGTBIfobia<\/strong>.<\/p>\n\n\n\n<ol start=\"2\" class=\"wp-block-list\">\n<li><em><strong>Durante el curso escolar, se garantizar\u00e1 la igualdad en la diversidad y la no discriminaci\u00f3n, as\u00ed como medidas preventivas, de acompa\u00f1amiento e intervenci\u00f3n que dan respuesta a posibles casos de vulneraci\u00f3n de derechos o violencia infringida.<br>[\u2026]<\/strong><\/em><\/li>\n<\/ol>\n\n\n\n<p class=\"wp-block-paragraph\">La versi\u00f3n original dec\u00eda:<\/p>\n\n\n\n<p class=\"wp-block-paragraph\"><em>2. Integrar\u00e1n en los respectivos planes de igualdad, convivencia, de acci\u00f3n tutorial, de inclusi\u00f3n y de atenci\u00f3n a la diversidad, todas las estrategias pedag\u00f3gicas y psicopedag\u00f3gicas a su alcance encaminadas a garantizar la igualdad en la diversidad,<s> la no discriminaci\u00f3n hacia las personas LGTBI<\/s>, as\u00ed como medidas preventivas, de acompa\u00f1amiento e intervenci\u00f3n que dan respuesta a posibles casos de vulneraci\u00f3n de derechos o violencia infringida hacia estas personas<\/em>.<em><strong><br><\/strong>[\u2026]<\/em><\/p>\n\n\n\n<p class=\"wp-block-paragraph\">M\u00e1s de lo mismo: <strong>se eliminan las menciones al colectivo LGTBI.<\/strong><\/p>\n\n\n\n<ol start=\"5\" class=\"wp-block-list\">\n<li><strong><em>Se incluir\u00e1 en los planes de acci\u00f3n tutorial de las etapas de educaci\u00f3n infantil, primaria, secundaria obligatoria, bachillerato y formaci\u00f3n profesional, al menos un programa que fomente el respeto y la igualdad real y efectiva de todas las personas adem\u00e1s de la lucha contra la discriminaci\u00f3n.<\/em><\/strong><\/li>\n<\/ol>\n\n\n\n<p class=\"wp-block-paragraph\">La versi\u00f3n original:<\/p>\n\n\n\n<p class=\"wp-block-paragraph\"><em>5. Incluir\u00e1n en los planes de acci\u00f3n tutorial de las etapas de educaci\u00f3n infantil, primaria, secundaria obligatoria, bachillerato y formaci\u00f3n profesional, cuando menos, un programa <s>de educaci\u00f3n sexual que incluya la diversidad sexual, familiar y de g\u00e9nero.<\/s><\/em><\/p>\n\n\n\n<p class=\"wp-block-paragraph\">Aqu\u00ed <strong>se acab\u00f3 la Educaci\u00f3n Sexual Integral<\/strong>.<\/p>\n\n\n\n<ol start=\"6\" class=\"wp-block-list\">\n<li><strong><em>Dentro del plan de formaci\u00f3n de cada centro se podr\u00e1n organizar cursos de formaci\u00f3n sobre igualdad real y efectiva de las personas adem\u00e1s de la lucha contra la discriminaci\u00f3n.<\/em><\/strong><\/li>\n<\/ol>\n\n\n\n<p class=\"wp-block-paragraph\">Versi\u00f3n original:<\/p>\n\n\n\n<p class=\"wp-block-paragraph\"><em>6. Organizar\u00e1n, dentro del plan de formaci\u00f3n del centro, cursos de formaci\u00f3n sobre <s>diversidad sexual, familiar, de g\u00e9nero y de desarrollo sexual impartidos por personas expertas.<\/s><\/em><\/p>\n\n\n\n<p class=\"wp-block-paragraph\"><strong>Ni se os ocurra dejar que una persona experta en diversidad LGTBIQ+ imparta una charla sobre el tema en vuestro centro.<\/strong><\/p>\n\n\n\n<ol start=\"7\" class=\"wp-block-list\">\n<li><strong><em>Se fomentar\u00e1n actividades de sensibilizaci\u00f3n para visibilizar la igualdad real y efectiva de todas las personas adem\u00e1s de luchar contra la discriminaci\u00f3n.\u00bb<\/em><\/strong><\/li>\n<\/ol>\n\n\n\n<p class=\"wp-block-paragraph\">Versi\u00f3n original:<\/p>\n\n\n\n<p class=\"wp-block-paragraph\"><em>7. Fomentar\u00e1n actividades de sensibilizaci\u00f3n <s>con la colaboraci\u00f3n de colectivos LGTBI y de madres, padres y familiares de LGTBI<\/s>.<\/em><\/p>\n\n\n\n<p class=\"wp-block-paragraph\"><strong>Colectivos y familias LGTBIQ+ abstenerse.<\/strong><\/p>\n\n\n\n<p class=\"wp-block-paragraph\">Seguimos leyendo:<\/p>\n\n\n\n<p class=\"wp-block-paragraph\"><em><strong>Dos. Se modifica el apartado 3 del art\u00edculo 25:<br>\u00abArt\u00edculo 25. Actuaciones en el \u00e1mbito universitario<br>[\u2026]<\/strong><\/em><\/p>\n\n\n\n<ol start=\"3\" class=\"wp-block-list\">\n<li><em><strong>Prestar\u00e1n atenci\u00f3n, protecci\u00f3n y apoyo al alumnado, personal docente y personal de administraci\u00f3n y servicios que pudiera ser objeto de cualquier tipo de discriminaci\u00f3n en el seno de la comunidad universitaria. Al efecto, se trabajar\u00e1 de forma coordinada con los servicios p\u00fablicos existentes para dar respuesta y acompa\u00f1amiento a las personas afectadas.\u00bb<\/strong><\/em><\/li>\n<\/ol>\n\n\n\n<p class=\"wp-block-paragraph\">La versi\u00f3n original:<\/p>\n\n\n\n<p class=\"wp-block-paragraph\"><em>3. Prestar\u00e1n atenci\u00f3n, protecci\u00f3n y apoyo al alumnado, personal docente y personal de administraci\u00f3n y servicios que pudiera ser objeto de discriminaci\u00f3n <s>por orientaci\u00f3n sexual, identidad de g\u00e9nero, expresi\u00f3n de g\u00e9nero, desarrollo sexual o grupo familiar<\/s> en el seno de la comunidad universitaria. Al efecto, <s>podr\u00e1n crear oficinas de atenci\u00f3n e informaci\u00f3n a las personas LGTBI<\/s>.<\/em><\/p>\n\n\n\n<p class=\"wp-block-paragraph\"><strong>Curiosa ley LGTBI en la que no se habla del colectivo LGTBI.<\/strong><\/p>\n\n\n\n<p class=\"wp-block-paragraph\"><strong><em>Art\u00edculo 53<br>Se modifica el art\u00edculo 38 de la Ley 23\/2018, de 29 de noviembre, de igualdad de las personas LGTBI, que queda como sigue:<\/em><\/strong><\/p>\n\n\n\n<p class=\"wp-block-paragraph\"><strong><em><br>\u00danico. Se modifica el art\u00edculo 38<br>\u00abArt\u00edculo 38. Espai de la Mem\u00f2ria i Llibertat<\/em><\/strong><\/p>\n\n\n\n<ol class=\"wp-block-list\">\n<li><strong><em>Se crea el servicio Espai de la Mem\u00f2ria i Llibertat como un servicio p\u00fablico de car\u00e1cter social, con dimensi\u00f3n cultural, orientado a la promoci\u00f3n de la diversidad, adscrito al \u00f3rgano directivo competente en la materia.<\/em><\/strong><\/li>\n<\/ol>\n\n\n\n<p class=\"wp-block-paragraph\">Versi\u00f3n original:<\/p>\n\n\n\n<h5 class=\"wp-block-heading\"><em>Art\u00edculo 38. Espai de la Mem\u00f2ria <s>LGTBI.<\/s><\/em><\/h5>\n\n\n\n<p class=\"wp-block-paragraph\"><em>1. Se crea L\u2019Espai de la Mem\u00f2ria <s>LGTBI de la Comunitat Valenciana <\/s>como un servicio, <s>adscrito a la direcci\u00f3n general con competencias LGTBI,<\/s> <s>cuyo objetivo es promover y favorecer el conocimiento, el estudio y la investigaci\u00f3n sobre la historia del colectivo LGTBI, <\/s>mediante informaci\u00f3n bibliogr\u00e1fica y documental. <s>Este Espai de la Mem\u00f2ria LGTBI establecer\u00e1 lazos de colaboraci\u00f3n con el Instituto de la Memoria Democr\u00e1tica.<\/s><\/em><\/p>\n\n\n\n<p class=\"wp-block-paragraph\"><strong>No van a dejar ni los posters del orgullo en las paredes.<\/strong><\/p>\n\n\n\n<ol start=\"2\" class=\"wp-block-list\">\n<li><strong><em>El servicio tiene por objeto la planificaci\u00f3n, programaci\u00f3n, coordinaci\u00f3n, ejecuci\u00f3n, evaluaci\u00f3n y difusi\u00f3n de actuaciones de car\u00e1cter cultural, conmemorativo y de sensibilizaciones dirigidas a la promoci\u00f3n de la diversidad en el \u00e1mbito de la Comunitat Valenciana. Asimismo, se promover\u00e1 el conocimiento, el estudio y la investigaci\u00f3n documental sobre la historia y memoria de los colectivos vulnerables que han sufrido hist\u00f3ricamente ataques de odio y discriminaci\u00f3n, prestando especial atenci\u00f3n a la recuperaci\u00f3n, preservaci\u00f3n y promoci\u00f3n de su legado hist\u00f3rico.<\/em><\/strong><\/li>\n<\/ol>\n\n\n\n<p class=\"wp-block-paragraph\">Versi\u00f3n original:<\/p>\n\n\n\n<p class=\"wp-block-paragraph\"><em>2. L\u2019Espai de la Mem\u00f2ria <s>LGTBI de la Comunitat Valenciana<\/s> albergar\u00e1 archivos, registros y documentaci\u00f3n de diversa tipolog\u00eda, <s>de las organizaciones LGTBI y los sectores LGTBI en general<\/s>, relacionados con la memoria democr\u00e1tica y la historia de la represi\u00f3n <s>del colectivo LGTBI<\/s>. Entre sus funciones tambi\u00e9n estar\u00e1 digitalizar estos fondos y difundirlos.<\/em><\/p>\n\n\n\n<p class=\"wp-block-paragraph\"><em>3. Los fondos documentales depositados en L\u2019Espai de la Mem\u00f2ria<s> LGTBI <\/s>ser\u00e1n de libre acceso para la ciudadan\u00eda.<\/em><\/p>\n\n\n\n<p class=\"wp-block-paragraph\"><strong>M\u00e1s de lo mismo.<\/strong><\/p>\n\n\n\n<ol start=\"3\" class=\"wp-block-list\">\n<li><strong><em>El servicio comprender\u00e1 la elaboraci\u00f3n y desarrollo de una agenda anual, que integrar\u00e1 la programaci\u00f3n de actividades vinculadas a efem\u00e9rides, conmemoraciones y otras iniciativas de inter\u00e9s p\u00fablico, as\u00ed como la organizaci\u00f3n de actos, campa\u00f1as, jornadas, exposiciones y actuaciones an\u00e1logas. Para el desarrollo de estas actividades, el servicio podr\u00e1<br>gestionar y custodiar fondos bibliogr\u00e1ficos, registros y archivos de diversa tipolog\u00eda aportados por las entidades, garantizando la digitalizaci\u00f3n, difusi\u00f3n y libre acceso de la ciudadan\u00eda a los mismos.<\/em><\/strong><\/li>\n<\/ol>\n\n\n\n<p class=\"wp-block-paragraph\">Veamos la versi\u00f3n original:<\/p>\n\n\n\n<p class=\"wp-block-paragraph\"><em>4. L\u2019Espai de la Mem\u00f2ria <s>LGTBI<\/s> impulsar\u00e1 y fomentar\u00e1 actividades divulgativas y de investigaci\u00f3n <s>relacionadas con la recuperaci\u00f3n de la memoria LGTBI<\/s> e igualmente podr\u00e1 editar materiales relacionados, fomentando la colaboraci\u00f3n con los ayuntamientos, diputaciones y otras entidades administrativas, siguiendo criterios de descentralizaci\u00f3n y proximidad.<\/em><\/p>\n\n\n\n<p class=\"wp-block-paragraph\">El resto:<\/p>\n\n\n\n<ol start=\"4\" class=\"wp-block-list\">\n<li><strong><em>En el ejercicio de sus funciones, el servicio garantizar\u00e1 la continuidad de las actuaciones desarrolladas, as\u00ed como la incorporaci\u00f3n de nuevas iniciativas y formatos que contribuyan al cumplimiento de los objetivos de la Direcci\u00f3n General de Diversidad, incluyendo los instrumentos de seguimiento y evaluaci\u00f3n correspondientes. Las actividades e investigaciones de car\u00e1cter conmemorativo y de recuperaci\u00f3n de la memoria hist\u00f3rica se articular\u00e1n bajo criterios de descentralizaci\u00f3n y proximidad, fomentando la colaboraci\u00f3n con los ayuntamientos y diputaciones.<\/em><\/strong><\/li>\n\n\n\n<li><strong><em>Corresponder\u00e1 al servicio la coordinaci\u00f3n, supervisi\u00f3n y gesti\u00f3n integral de las actuaciones previstas, incluyendo la colaboraci\u00f3n con administraciones p\u00fablicas y entidades sociales y culturales, la planificaci\u00f3n de los medios necesarios y el cumplimiento de las obligaciones administrativas derivadas de su ejecuci\u00f3n.<\/em><\/strong><\/li>\n\n\n\n<li><strong><em>Las actuaciones se desarrollar\u00e1n conforme a los principios de accesibilidad universal, sostenibilidad, igualdad y respeto a la diversidad, garantizando su adecuada difusi\u00f3n a trav\u00e9s de los canales institucionales y otros medios. Dentro de las acciones de sensibilizaciones anuales, se incluir\u00e1n necesariamente iniciativas destinadas a recordar a las personas que<br>padecieron discriminaci\u00f3n, violencia o persecuci\u00f3n por motivos de diversidad, as\u00ed como al reconocimiento de figuras destacadas en los \u00e1mbitos pol\u00edtico, art\u00edstico, acad\u00e9mico o social.<\/em><\/strong><\/li>\n\n\n\n<li><strong>Se podr\u00e1n establecer mecanismos de colaboraci\u00f3n con otras administraciones p\u00fablicas, universidades, centros de arte, museos y entidades p\u00fablicas o privadas para el desarrollo de las actuaciones previstas en este art\u00edculo.\u00bb<\/strong><\/li>\n<\/ol>\n\n\n\n<p class=\"wp-block-paragraph\">No se parece mucho a la versi\u00f3n original:<\/p>\n\n\n\n<p class=\"wp-block-paragraph\"><em>5. La Generalitat podr\u00e1 celebrar convenios de colaboraci\u00f3n con las universidades, centros de arte y cultura, museos, <s>las organizaciones de la memoria hist\u00f3rica, as\u00ed como con los colectivos LGTBI de la Comunitat Valenciana<\/s>, para el cumplimiento de sus objetivos.<\/em><\/p>\n\n\n\n<p class=\"wp-block-paragraph\"><em>6. Desde L\u2019Espai de la Mem\u00f2ria<s> LGTBI <\/s>tambi\u00e9n se recordar\u00e1 a las personas<s> LGTBI <\/s>que fueron perseguidas, torturadas y asesinadas, as\u00ed como a las que, especialmente en la adolescencia y la juventud, padecieron discriminaci\u00f3n y violencia. As\u00ed como se homenajear\u00e1 a aquellas personas<s> LGTBI <\/s>destacadas en \u00e1mbitos pol\u00edticos, art\u00edsticos, acad\u00e9micos o sociales.<\/em><\/p>\n\n\n\n<p class=\"wp-block-paragraph\">En resumen: se ha vaciado tanto de contenido que la ley LGTBI no se refiere a las personas LGTBI. Esto es rid\u00edculo.<\/p>\n\n\n\n<p class=\"wp-block-paragraph\">Y, en fin&#8230; Creo que hay m\u00e1s disparates <a href=\"https:\/\/www.boe.es\/buscar\/doc.php?id=DOGV-r-2026-90213\" target=\"_blank\" rel=\"noreferrer noopener\">en esta ley<\/a>. Pero lo dejo para una tercera entrega.<\/p>\n\n\n\n<p class=\"wp-block-paragraph\"><\/p>\n","protected":false},"excerpt":{"rendered":"<p>Ayer estuve echando un vistazo a algunos disparates legislativos que acaban de aprobarse en Valencia y que afectan a su sistema educativo. Hoy estoy echando un segundo vistazo y me encuentro con que el alumnado LGTBI tiene apartados concretos en la misma ley. Comencemos: Art\u00edculo 52Se modifican los apartados 1, 2, 5, 6 y 7 [&hellip;]<\/p>\n","protected":false},"author":1,"featured_media":373,"comment_status":"open","ping_status":"open","sticky":false,"template":"","format":"standard","meta":{"activitypub_content_warning":"","activitypub_content_visibility":"","activitypub_max_image_attachments":4,"activitypub_interaction_policy_quote":"anyone","activitypub_status":"federated","footnotes":""},"categories":[3,26],"tags":[],"class_list":["post-388","post","type-post","status-publish","format-standard","has-post-thumbnail","hentry","category-divagaciones","category-lgtbi"],"_links":{"self":[{"href":"https:\/\/cienciamorada.es\/elblog\/wp-json\/wp\/v2\/posts\/388","targetHints":{"allow":["GET"]}}],"collection":[{"href":"https:\/\/cienciamorada.es\/elblog\/wp-json\/wp\/v2\/posts"}],"about":[{"href":"https:\/\/cienciamorada.es\/elblog\/wp-json\/wp\/v2\/types\/post"}],"author":[{"embeddable":true,"href":"https:\/\/cienciamorada.es\/elblog\/wp-json\/wp\/v2\/users\/1"}],"replies":[{"embeddable":true,"href":"https:\/\/cienciamorada.es\/elblog\/wp-json\/wp\/v2\/comments?post=388"}],"version-history":[{"count":1,"href":"https:\/\/cienciamorada.es\/elblog\/wp-json\/wp\/v2\/posts\/388\/revisions"}],"predecessor-version":[{"id":389,"href":"https:\/\/cienciamorada.es\/elblog\/wp-json\/wp\/v2\/posts\/388\/revisions\/389"}],"wp:featuredmedia":[{"embeddable":true,"href":"https:\/\/cienciamorada.es\/elblog\/wp-json\/wp\/v2\/media\/373"}],"wp:attachment":[{"href":"https:\/\/cienciamorada.es\/elblog\/wp-json\/wp\/v2\/media?parent=388"}],"wp:term":[{"taxonomy":"category","embeddable":true,"href":"https:\/\/cienciamorada.es\/elblog\/wp-json\/wp\/v2\/categories?post=388"},{"taxonomy":"post_tag","embeddable":true,"href":"https:\/\/cienciamorada.es\/elblog\/wp-json\/wp\/v2\/tags?post=388"}],"curies":[{"name":"wp","href":"https:\/\/api.w.org\/{rel}","templated":true}]}}