{"id":288,"date":"2026-04-25T14:09:50","date_gmt":"2026-04-25T12:09:50","guid":{"rendered":"https:\/\/cienciamorada.es\/elblog\/?p=288"},"modified":"2026-04-25T14:23:35","modified_gmt":"2026-04-25T12:23:35","slug":"lo-de-la-espanolidad","status":"publish","type":"post","link":"https:\/\/cienciamorada.es\/elblog\/2026\/04\/25\/lo-de-la-espanolidad\/","title":{"rendered":"Lo de la espa\u00f1olidad"},"content":{"rendered":"\n<figure class=\"wp-block-image size-large\"><img loading=\"lazy\" decoding=\"async\" width=\"1024\" height=\"682\" src=\"https:\/\/cienciamorada.es\/elblog\/wp-content\/uploads\/2026\/04\/Berber_flag-924686268-1024x682.png\" alt=\"Bandera amazigh: celeste, verde y amarilla, con un simbolo del alfabeto amazigh en rojo.\" class=\"wp-image-289\" srcset=\"https:\/\/cienciamorada.es\/elblog\/wp-content\/uploads\/2026\/04\/Berber_flag-924686268-1024x682.png 1024w, https:\/\/cienciamorada.es\/elblog\/wp-content\/uploads\/2026\/04\/Berber_flag-924686268-300x200.png 300w, https:\/\/cienciamorada.es\/elblog\/wp-content\/uploads\/2026\/04\/Berber_flag-924686268-768x512.png 768w, https:\/\/cienciamorada.es\/elblog\/wp-content\/uploads\/2026\/04\/Berber_flag-924686268-1536x1023.png 1536w, https:\/\/cienciamorada.es\/elblog\/wp-content\/uploads\/2026\/04\/Berber_flag-924686268.png 1600w\" sizes=\"auto, (max-width: 1024px) 100vw, 1024px\" \/><\/figure>\n\n\n\n<p>No estoy seguro qu\u00e9 significa eso de \u00abser espa\u00f1ol\u00bb m\u00e1s all\u00e1 de un reconocimiento administrativo. Si lo relacionamos con <a href=\"https:\/\/www.eldiario.es\/politica\/espanol-vox-no-ponen-acuerdo_1_13169442.html\" data-type=\"link\" data-id=\"https:\/\/www.eldiario.es\/politica\/espanol-vox-no-ponen-acuerdo_1_13169442.html\" target=\"_blank\" rel=\"noreferrer noopener\">\u00abser hijo de un padre espa\u00f1ol y una madre espa\u00f1ola\u00bb<\/a> no creo que exista nadie en este mundo que cumpla semejante condici\u00f3n porque, claro, ese padre y esa madre tambi\u00e9n (para ser espa\u00f1ol y espa\u00f1ola) tendr\u00edan que ser descendientes de espa\u00f1oles y espa\u00f1olas remont\u00e1ndonos hasta los tiempos de Ad\u00e1n y Eva (quienes, seg\u00fan la tradici\u00f3n, nacieron y vivieron en alg\u00fan lugar de Oriente Medio) o hasta los tiempos de Eva, la de la garganta de Olduvay (Tanzania, \u00c1frica).<\/p>\n\n\n\n<p>Cuando me preguntan de donde soy no suelo responder \u00absoy espa\u00f1ol\u00bb (sonar\u00eda pedante y\/o un poco a co\u00f1a, y no aportar\u00eda a nadie una informaci\u00f3n relevante). Suelo decir que soy de Zafra, una poblaci\u00f3n de la provincia de Badajoz. Eso s\u00ed es relevante.<\/p>\n\n\n\n<p>Veamos&#8230; las primeras referencias a la poblaci\u00f3n de Zafra se refieren a la construcci\u00f3n de un castillo en 1030 (hace ahora casi mil a\u00f1os) en la Sierra del Castellar, junto a la poblaci\u00f3n que en 1094 era conocida como Sajra Abi Hass\u00e1n. Estamos hablando de uno de tantos asentamientos fundados por la poblaci\u00f3n amazigh y \u00e1rabe del sur de la pen\u00ednsula. De ah\u00ed la arquitectura tradicional de los \u00abpueblos blancos\u00bb tan similar a la arquitectura amazigh del norte de \u00c1frica.<\/p>\n\n\n\n<p>Un momento \u00bfhe dicho amazigh?&#8230; \u00bfY esos quienes son? <\/p>\n\n\n\n<p>Los amazigh o imazighen (creo que amazigh es el singular e imazighen el plural) son una cultura, anterior a la romana, asentada en el norte de \u00c1frica. Durante la expansi\u00f3n del Islam, en la Edad Media, fueron influidos por la cultura \u00e1rabe (procedente de Oriente Medio, m\u00e1s cercana a la patria de Ad\u00e1n y Eva que a Espa\u00f1a), pero conservando buena parte de su cultura que, posteriormente, fue transmitida a la poblaci\u00f3n del sur de la Pen\u00ednsula Ib\u00e9rica. Actualmente buena parte de la poblaci\u00f3n marroqu\u00ed todav\u00eda se identifica como amazigh.<\/p>\n\n\n\n<p>\u00bfPrimera vez que oye hablar de los imazighen? Bueno, es que es m\u00e1s habitual referirse a esta cultura como <em>bereberes<\/em>, pero ese es un t\u00e9rmino gen\u00e9rico utilizado para referirse a las <em>culturas no griegas<\/em> (es decir, <em>b\u00e1rbaras<\/em>) del norte de \u00c1frica. La palabra <em>amazigh<\/em>, al parecer, podr\u00eda traducirse como persona noble.<\/p>\n\n\n\n<p>Pero volvamos a la historia de mi pueblo: durante doscientos a\u00f1os los amazigh dejaron su impronta cultural en nuestra arquitectura, gastronom\u00eda, toponimia, agricultura, folclore y, en general, en nuestra forma de vida. Luego, entre 1229 y 1241, llegaron los visigodos y conquistaron la poblaci\u00f3n, imponiendo sus costumbres.<\/p>\n\n\n\n<p>Pero la cultura amazigh segu\u00eda estando ah\u00ed: en la arquitectura, en la gastronom\u00eda, en la toponimia&#8230; <\/p>\n\n\n\n<p>\u00bfAlgo m\u00e1s? Ah, s\u00ed&#8230; Las matem\u00e1ticas y la ciencia en general. Resulta que la universidad m\u00e1s antigua del mundo es la <strong>Universidad de al-Qarawiyyin<\/strong>, de Fez (Marruecos). Fundada en el a\u00f1o 859 lleg\u00f3 a formar a personajes tan influyentes como el papa Silvestre II, que tambi\u00e9n vivi\u00f3 en C\u00f3rdoba y Sevilla, lo que le permiti\u00f3 iniciarse en el estudio de las matem\u00e1ticas y la astronom\u00eda. <strong>Como papa impuso el uso de la numeraci\u00f3n decimal de los pa\u00edses isl\u00e1micos<\/strong>, y menos mal, porque el posterior desarrollo matem\u00e1tico y tecnol\u00f3gico del que nos sentimos tan orgullosos no hubiese sido posible sin esa <strong>imposici\u00f3n<\/strong> de la cultura \u00e1rabe. El \u00e1lgebra, por ejemplo, se extendi\u00f3 por las universidades europeas del siglo XVI gracias al libro <em>Compendio de c\u00e1lculo por compleci\u00f3n y comparaci\u00f3n<\/em>, escrito por Al-Juarismi (780-850), matem\u00e1tico persa (de ah\u00ed t\u00e9rminos como <em>\u00e1lgebra<\/em> o <em>algoritmo<\/em>).<\/p>\n\n\n\n<p>Me olvidaba mencionar lo del ajedrez&#8230; No est\u00e1 claro el origen del juego, pero parece ser que todo empez\u00f3 en alg\u00fan lugar de Asia. Los \u00e1rabes se aficionaron cuando ocuparon Persia y lo trajeron hasta las pen\u00ednsulas Ib\u00e9rica e It\u00e1lica en torno al siglo X. Roma era, en el siglo XVI, la mayor potencia en ajedrez del mundo&#8230; Hasta que lleg\u00f3 all\u00ed Ruy L\u00f3pez de Segura y derrot\u00f3 a los principales maestros italianos del momento.<\/p>\n\n\n\n<p>\u00bfDe d\u00f3nde hab\u00eda salido Ruy L\u00f3pez de Segura? Bueno, pues de mi pueblo, Zafra. Ruy L\u00f3pez nos dej\u00f3 como legado el <em>Libro de la invenci\u00f3n liberal y arte del juego del ajedrez<\/em>, que ser\u00eda traducido a varios idiomas y jugar\u00eda un importante papel en la difusi\u00f3n de este juego por Europa. Ruy L\u00f3pez fue, adem\u00e1s, el creador de la jugada conocida como <a href=\"https:\/\/www.chess.com\/es\/article\/view\/la-apertura-ruy-lopez-explicada\" data-type=\"link\" data-id=\"https:\/\/www.chess.com\/es\/article\/view\/la-apertura-ruy-lopez-explicada\" target=\"_blank\" rel=\"noreferrer noopener\">apertura espa\u00f1ola<\/a>. Ruy L\u00f3pez es, por cierto, el nombre de una fundaci\u00f3n que hace unos d\u00edas <a href=\"https:\/\/www.eldiario.es\/extremadura\/sociedad\/vandalizan-sede-fundacion-ayuda-personas-migrantes-almendralejo-delito-odio_1_13164513.html\" data-type=\"link\" data-id=\"https:\/\/www.eldiario.es\/extremadura\/sociedad\/vandalizan-sede-fundacion-ayuda-personas-migrantes-almendralejo-delito-odio_1_13164513.html\" target=\"_blank\" rel=\"noreferrer noopener\">fue atacada en Almendralejo con pintadas de STOP INVASI\u00d3N<\/a>.<\/p>\n\n\n\n<p>Pero sigamos, porque por aquel entonces Espa\u00f1a, como divisi\u00f3n administrativa, todav\u00eda no exist\u00eda: exist\u00edan los reinos de Castilla, Arag\u00f3n, Valencia, Navarra, etc. <strong>El Reino de Espa\u00f1a nacer\u00eda, m\u00e1s o menos, a principios del siglo XVIII  con la legada de los Borbones, y no se completar\u00eda hasta mediados del siglo XIX. La bandera rojigualda es de la \u00e9poca de Carlos III, al igual que el himno nacional (que podr\u00eda haberse inspirado en <a href=\"https:\/\/musicaantigua.com\/es-el-himno-de-espana-una-nuba-andalusi\/\" data-type=\"link\" data-id=\"https:\/\/musicaantigua.com\/es-el-himno-de-espana-una-nuba-andalusi\/\" target=\"_blank\" rel=\"noreferrer noopener\">una nuba andalus\u00ed del siglo XII<\/a>).<\/strong><\/p>\n\n\n\n<p>As\u00ed que la nacionalidad espa\u00f1ola tiene, m\u00e1s o menos, unos trescientos a\u00f1os, y es una suma (culturalmente hablando) de componentes prerromanas (amazigh, por ejemplo), romanas, \u00e1rabes, visigodas y otras. <a href=\"https:\/\/cienciamorada.es\/elblog\/2026\/04\/18\/extremadura-da-la-espalda-al-alumnado-marroqui\/\" target=\"_blank\" rel=\"noreferrer noopener\"><strong>Por razones que no alcanzo a comprender hay quien se empe\u00f1a en que renunciemos a nuestras herencias amazigh y \u00e1rabe (y, la verdad, a m\u00ed no me quedar\u00eda mucho sin eso)<\/strong>. Lo de <em>diluir nuestra identidad, usos y costumbres<\/em> es un concepto que no acabo de entender.<\/a><\/p>\n\n\n\n<p><\/p>\n","protected":false},"excerpt":{"rendered":"<p>No estoy seguro qu\u00e9 significa eso de \u00abser espa\u00f1ol\u00bb m\u00e1s all\u00e1 de un reconocimiento administrativo. Si lo relacionamos con \u00abser hijo de un padre espa\u00f1ol y una madre espa\u00f1ola\u00bb no creo que exista nadie en este mundo que cumpla semejante condici\u00f3n porque, claro, ese padre y esa madre tambi\u00e9n (para ser espa\u00f1ol y espa\u00f1ola) tendr\u00edan [&hellip;]<\/p>\n","protected":false},"author":1,"featured_media":289,"comment_status":"open","ping_status":"open","sticky":false,"template":"","format":"standard","meta":{"activitypub_content_warning":"","activitypub_content_visibility":"","activitypub_max_image_attachments":4,"activitypub_interaction_policy_quote":"anyone","activitypub_status":"federated","footnotes":""},"categories":[1],"tags":[],"class_list":["post-288","post","type-post","status-publish","format-standard","has-post-thumbnail","hentry","category-uncategorized"],"_links":{"self":[{"href":"https:\/\/cienciamorada.es\/elblog\/wp-json\/wp\/v2\/posts\/288","targetHints":{"allow":["GET"]}}],"collection":[{"href":"https:\/\/cienciamorada.es\/elblog\/wp-json\/wp\/v2\/posts"}],"about":[{"href":"https:\/\/cienciamorada.es\/elblog\/wp-json\/wp\/v2\/types\/post"}],"author":[{"embeddable":true,"href":"https:\/\/cienciamorada.es\/elblog\/wp-json\/wp\/v2\/users\/1"}],"replies":[{"embeddable":true,"href":"https:\/\/cienciamorada.es\/elblog\/wp-json\/wp\/v2\/comments?post=288"}],"version-history":[{"count":2,"href":"https:\/\/cienciamorada.es\/elblog\/wp-json\/wp\/v2\/posts\/288\/revisions"}],"predecessor-version":[{"id":297,"href":"https:\/\/cienciamorada.es\/elblog\/wp-json\/wp\/v2\/posts\/288\/revisions\/297"}],"wp:featuredmedia":[{"embeddable":true,"href":"https:\/\/cienciamorada.es\/elblog\/wp-json\/wp\/v2\/media\/289"}],"wp:attachment":[{"href":"https:\/\/cienciamorada.es\/elblog\/wp-json\/wp\/v2\/media?parent=288"}],"wp:term":[{"taxonomy":"category","embeddable":true,"href":"https:\/\/cienciamorada.es\/elblog\/wp-json\/wp\/v2\/categories?post=288"},{"taxonomy":"post_tag","embeddable":true,"href":"https:\/\/cienciamorada.es\/elblog\/wp-json\/wp\/v2\/tags?post=288"}],"curies":[{"name":"wp","href":"https:\/\/api.w.org\/{rel}","templated":true}]}}