{"id":153,"date":"2024-01-21T19:14:40","date_gmt":"2024-01-21T17:14:40","guid":{"rendered":"https:\/\/cienciamorada.es\/elblog\/?p=153"},"modified":"2024-01-21T19:14:40","modified_gmt":"2024-01-21T17:14:40","slug":"ya-tenemos-borrador-del-nuevo-curriculo","status":"publish","type":"post","link":"https:\/\/cienciamorada.es\/elblog\/2024\/01\/21\/ya-tenemos-borrador-del-nuevo-curriculo\/","title":{"rendered":"Ya tenemos borrador del nuevo curr\u00edculo"},"content":{"rendered":"\n<figure class=\"wp-block-image size-large\"><img loading=\"lazy\" decoding=\"async\" width=\"1024\" height=\"576\" src=\"https:\/\/cienciamorada.es\/elblog\/wp-content\/uploads\/2024\/01\/Captura-de-pantalla-de-2024-01-21-18-03-35-1024x576.png\" alt=\"Pantallazo en el que se ve la cabecera del borrador del Decreto por el que se establecer\u00e1n la ordenaci\u00f3n y el curr\u00edculo de la ESPA en Extremadura.\" class=\"wp-image-154\" srcset=\"https:\/\/cienciamorada.es\/elblog\/wp-content\/uploads\/2024\/01\/Captura-de-pantalla-de-2024-01-21-18-03-35-1024x576.png 1024w, https:\/\/cienciamorada.es\/elblog\/wp-content\/uploads\/2024\/01\/Captura-de-pantalla-de-2024-01-21-18-03-35-300x169.png 300w, https:\/\/cienciamorada.es\/elblog\/wp-content\/uploads\/2024\/01\/Captura-de-pantalla-de-2024-01-21-18-03-35-768x432.png 768w, https:\/\/cienciamorada.es\/elblog\/wp-content\/uploads\/2024\/01\/Captura-de-pantalla-de-2024-01-21-18-03-35-1536x864.png 1536w, https:\/\/cienciamorada.es\/elblog\/wp-content\/uploads\/2024\/01\/Captura-de-pantalla-de-2024-01-21-18-03-35.png 1920w\" sizes=\"auto, (max-width: 1024px) 100vw, 1024px\" \/><\/figure>\n\n\n\n<p>Anteayer se public\u00f3 el borrador del nuevo curr\u00edculo ESPA LOMLOE, que comenzar\u00e1 a impartirse en Extremadura en el curso 2024\/25: <a href=\"http:\/\/gobiernoabierto.juntaex.es\/transparencia\/filescms\/web\/uploaded_files\/024\/0119cs\/Borrador_Decreto_ESecundaria_Adultos.pdf\" target=\"_blank\" rel=\"noreferrer noopener\">PROYECTO Decreto XX\/2024, por el que se establecen la ordenaci\u00f3n y el curr\u00edculo de la Educaci\u00f3n Secundaria para Personas Adultas en la Comunidad Aut\u00f3noma de Extremadura.<\/a><\/p>\n\n\n\n<p>Es poco probable que el borrador actual se diferencie mucho del texto definitivo, por lo que <a href=\"https:\/\/cienciamorada.es\/course\/index.php?categoryid=13\" data-type=\"link\" data-id=\"https:\/\/cienciamorada.es\/course\/index.php?categoryid=13\" target=\"_blank\" rel=\"noreferrer noopener\">voy a comenzar a reunir en Ciencia Morada recursos para el curso pr\u00f3ximo y sucesivos<\/a>. En su mayor parte ser\u00e1 un reciclado de lo que utilizo actualmente, as\u00ed que durante alg\u00fan tiempo convivir\u00e1 con los recursos del curr\u00edculo actual.<\/p>\n\n\n\n<p>Por razones de organizaci\u00f3n, al menos por el momento, los recursos no estar\u00e1n ordenados por cursos sino por bloques. As\u00ed cada docente podr\u00e1 tomar los recursos que le interesen seg\u00fan sus propias programaciones.<\/p>\n\n\n\n<p>De momento ya he publicado los primeros contenidos:<\/p>\n\n\n\n<h3 class=\"wp-block-heading\"><a href=\"https:\/\/cienciamorada.es\/course\/view.php?id=25\" target=\"_blank\" rel=\"noreferrer noopener\">BLOQUE A. DESTREZAS Y ACTITUDES EN CIENCIAS Y TECNOLOG\u00cdA<\/a><\/h3>\n\n\n\n<p>Esta propuesta empieza por el bloque A, \u201cDestreza y actitudes en ciencias y tecnolog\u00eda\u201d, que posee un car\u00e1cter transversal, e incorpora tanto las habilidades, formas de pensamiento y metodolog\u00edas propias de las ciencias y la tecnolog\u00eda, como los saberes orientados hacia la adquisici\u00f3n y aplicaci\u00f3n de estrategias enfocadas a entender y manejar las emociones, establecer y alcanzar metas, sentir y mostrar empat\u00eda, solidaridad, respeto por las minor\u00edas e igualdad efectiva entre hombres y mujeres.<\/p>\n","protected":false},"excerpt":{"rendered":"<p>Anteayer se public\u00f3 el borrador del nuevo curr\u00edculo ESPA LOMLOE, que comenzar\u00e1 a impartirse en Extremadura en el curso 2024\/25: PROYECTO Decreto XX\/2024, por el que se establecen la ordenaci\u00f3n y el curr\u00edculo de la Educaci\u00f3n Secundaria para Personas Adultas en la Comunidad Aut\u00f3noma de Extremadura. Es poco probable que el borrador actual se diferencie [&hellip;]<\/p>\n","protected":false},"author":1,"featured_media":154,"comment_status":"open","ping_status":"open","sticky":false,"template":"","format":"standard","meta":{"activitypub_content_warning":"","activitypub_content_visibility":"","activitypub_max_image_attachments":4,"activitypub_interaction_policy_quote":"anyone","activitypub_status":"","footnotes":""},"categories":[24],"tags":[],"class_list":["post-153","post","type-post","status-publish","format-standard","has-post-thumbnail","hentry","category-recursos"],"_links":{"self":[{"href":"https:\/\/cienciamorada.es\/elblog\/wp-json\/wp\/v2\/posts\/153","targetHints":{"allow":["GET"]}}],"collection":[{"href":"https:\/\/cienciamorada.es\/elblog\/wp-json\/wp\/v2\/posts"}],"about":[{"href":"https:\/\/cienciamorada.es\/elblog\/wp-json\/wp\/v2\/types\/post"}],"author":[{"embeddable":true,"href":"https:\/\/cienciamorada.es\/elblog\/wp-json\/wp\/v2\/users\/1"}],"replies":[{"embeddable":true,"href":"https:\/\/cienciamorada.es\/elblog\/wp-json\/wp\/v2\/comments?post=153"}],"version-history":[{"count":1,"href":"https:\/\/cienciamorada.es\/elblog\/wp-json\/wp\/v2\/posts\/153\/revisions"}],"predecessor-version":[{"id":155,"href":"https:\/\/cienciamorada.es\/elblog\/wp-json\/wp\/v2\/posts\/153\/revisions\/155"}],"wp:featuredmedia":[{"embeddable":true,"href":"https:\/\/cienciamorada.es\/elblog\/wp-json\/wp\/v2\/media\/154"}],"wp:attachment":[{"href":"https:\/\/cienciamorada.es\/elblog\/wp-json\/wp\/v2\/media?parent=153"}],"wp:term":[{"taxonomy":"category","embeddable":true,"href":"https:\/\/cienciamorada.es\/elblog\/wp-json\/wp\/v2\/categories?post=153"},{"taxonomy":"post_tag","embeddable":true,"href":"https:\/\/cienciamorada.es\/elblog\/wp-json\/wp\/v2\/tags?post=153"}],"curies":[{"name":"wp","href":"https:\/\/api.w.org\/{rel}","templated":true}]}}